{"id":966,"date":"2015-03-01T22:12:07","date_gmt":"2015-03-01T21:12:07","guid":{"rendered":"http:\/\/blog.sebrem.de\/?p=966"},"modified":"2015-03-01T22:12:07","modified_gmt":"2015-03-01T21:12:07","slug":"clouds-sunset-mar-1-2015","status":"publish","type":"post","link":"https:\/\/blog.sebrem.de\/?p=966","title":{"rendered":"Clouds &#038; Sunset, Mar 1, 2015"},"content":{"rendered":"<p>Some photos from a walk with old and new CouchSurfing friends today \ud83d\ude42<\/p>\n<p>[alpine-phototile-for-picasa-and-google-plus src=&#8221;user_album&#8221; uid=&#8221;114159417905468681891&#8243; ualb=&#8221;6121355300084667089&#8243; imgl=&#8221;fancybox&#8221; style=&#8221;bookshelf&#8221; row=&#8221;3&#8243; size=&#8221;400&#8243; num=&#8221;6&#8243; align=&#8221;center&#8221; max=&#8221;100&#8243;]<\/p>\n<p>Click on the photos to zoom, visit <a href=\"https:\/\/picasaweb.google.com\/114159417905468681891\/CloudsSunsetDortmundNordstadt010315?noredirect=1\" title=\"Picasa\">Picasa<\/a> for full-size pics and location data and also if you don&#8217;t see any photos above because you&#8217;re viewing the post on <a href=\"http:\/\/sebrem77.tumblr.com\" title=\"tumblr\">tumblr<\/a> and the photos are embedded via a <a href=\"https:\/\/wordpress.org\/plugins\/alpine-photo-tile-for-picasa-and-google-plus\/\" title=\"TAP\">WordPress widget<\/a>.<\/p>\n<p>Some photos are also on <a href=\"https:\/\/instagram.com\/sebrem77\/\" title=\"Instagram\">Instagram<\/a>:<\/p>\n<blockquote class=\"instagram-media\" data-instgrm-captioned data-instgrm-version=\"4\" style=\" background:#FFF; border:0; border-radius:3px; box-shadow:0 0 1px 0 rgba(0,0,0,0.5),0 1px 10px 0 rgba(0,0,0,0.15); margin: 1px; max-width:658px; padding:0; width:99.375%; width:-webkit-calc(100% - 2px); width:calc(100% - 2px);\">\n<div style=\"padding:8px;\">\n<div style=\" background:#F8F8F8; line-height:0; margin-top:40px; padding:50% 0; text-align:center; width:100%;\">\n<div style=\" background:url(data:image\/png;base64,iVBORw0KGgoAAAANSUhEUgAAACwAAAAsCAMAAAApWqozAAAAGFBMVEUiIiI9PT0eHh4gIB4hIBkcHBwcHBwcHBydr+JQAAAACHRSTlMABA4YHyQsM5jtaMwAAADfSURBVDjL7ZVBEgMhCAQBAf\/\/42xcNbpAqakcM0ftUmFAAIBE81IqBJdS3lS6zs3bIpB9WED3YYXFPmHRfT8sgyrCP1x8uEUxLMzNWElFOYCV6mHWWwMzdPEKHlhLw7NWJqkHc4uIZphavDzA2JPzUDsBZziNae2S6owH8xPmX8G7zzgKEOPUoYHvGz1TBCxMkd3kwNVbU0gKHkx+iZILf77IofhrY1nYFnB\/lQPb79drWOyJVa\/DAvg9B\/rLB4cC+Nqgdz\/TvBbBnr6GBReqn\/nRmDgaQEej7WhonozjF+Y2I\/fZou\/qAAAAAElFTkSuQmCC); display:block; height:44px; margin:0 auto -44px; position:relative; top:-22px; width:44px;\">\n<\/div>\n<\/div>\n<p style=\" margin:8px 0 0 0; padding:0 4px;\"> <a href=\"https:\/\/instagram.com\/p\/zsp37NQuxV\/\" style=\" color:#000; font-family:Arial,sans-serif; font-size:14px; font-style:normal; font-weight:normal; line-height:17px; text-decoration:none; word-wrap:break-word;\" target=\"_top\">This #cloudscape was a bit more impressive in real life, as it was raining to the left and sunny to the right. But no rainbow in sight \ud83d\ude09<\/a><\/p>\n<p style=\" color:#c9c8cd; font-family:Arial,sans-serif; font-size:14px; line-height:17px; margin-bottom:0; margin-top:8px; overflow:hidden; padding:8px 0 7px; text-align:center; text-overflow:ellipsis; white-space:nowrap;\">Ein von Sebastian Bremicker (@sebrem77) gepostetes Foto am <time style=\" font-family:Arial,sans-serif; font-size:14px; line-height:17px;\" datetime=\"2015-03-01T20:00:36+00:00\">1. M\u00e4r 2015 um 12:00 Uhr<\/time><\/p>\n<\/div>\n<\/blockquote>\n<p><script async defer src=\"\/\/platform.instagram.com\/en_US\/embeds.js\"><\/script>\n<blockquote class=\"instagram-media\" data-instgrm-captioned data-instgrm-version=\"4\" style=\" background:#FFF; border:0; border-radius:3px; box-shadow:0 0 1px 0 rgba(0,0,0,0.5),0 1px 10px 0 rgba(0,0,0,0.15); margin: 1px; max-width:658px; padding:0; width:99.375%; width:-webkit-calc(100% - 2px); width:calc(100% - 2px);\">\n<div style=\"padding:8px;\">\n<div style=\" background:#F8F8F8; line-height:0; margin-top:40px; padding:50% 0; text-align:center; width:100%;\">\n<div style=\" background:url(data:image\/png;base64,iVBORw0KGgoAAAANSUhEUgAAACwAAAAsCAMAAAApWqozAAAAGFBMVEUiIiI9PT0eHh4gIB4hIBkcHBwcHBwcHBydr+JQAAAACHRSTlMABA4YHyQsM5jtaMwAAADfSURBVDjL7ZVBEgMhCAQBAf\/\/42xcNbpAqakcM0ftUmFAAIBE81IqBJdS3lS6zs3bIpB9WED3YYXFPmHRfT8sgyrCP1x8uEUxLMzNWElFOYCV6mHWWwMzdPEKHlhLw7NWJqkHc4uIZphavDzA2JPzUDsBZziNae2S6owH8xPmX8G7zzgKEOPUoYHvGz1TBCxMkd3kwNVbU0gKHkx+iZILf77IofhrY1nYFnB\/lQPb79drWOyJVa\/DAvg9B\/rLB4cC+Nqgdz\/TvBbBnr6GBReqn\/nRmDgaQEej7WhonozjF+Y2I\/fZou\/qAAAAAElFTkSuQmCC); display:block; height:44px; margin:0 auto -44px; position:relative; top:-22px; width:44px;\">\n<\/div>\n<\/div>\n<p style=\" margin:8px 0 0 0; padding:0 4px;\"> <a href=\"https:\/\/instagram.com\/p\/zsqXCYQuyh\/\" style=\" color:#000; font-family:Arial,sans-serif; font-size:14px; font-style:normal; font-weight:normal; line-height:17px; text-decoration:none; word-wrap:break-word;\" target=\"_top\">A #winter #sunset aro the corner, behind a couple of #trees in #Dortmund #Hafen #DO\u00fcberrascht<\/a><\/p>\n<p style=\" color:#c9c8cd; font-family:Arial,sans-serif; font-size:14px; line-height:17px; margin-bottom:0; margin-top:8px; overflow:hidden; padding:8px 0 7px; text-align:center; text-overflow:ellipsis; white-space:nowrap;\">Ein von Sebastian Bremicker (@sebrem77) gepostetes Foto am <time style=\" font-family:Arial,sans-serif; font-size:14px; line-height:17px;\" datetime=\"2015-03-01T20:04:51+00:00\">1. M\u00e4r 2015 um 12:04 Uhr<\/time><\/p>\n<\/div>\n<\/blockquote>\n<p><script async defer src=\"\/\/platform.instagram.com\/en_US\/embeds.js\"><\/script>\n<blockquote class=\"instagram-media\" data-instgrm-captioned data-instgrm-version=\"4\" style=\" background:#FFF; border:0; border-radius:3px; box-shadow:0 0 1px 0 rgba(0,0,0,0.5),0 1px 10px 0 rgba(0,0,0,0.15); margin: 1px; max-width:658px; padding:0; width:99.375%; width:-webkit-calc(100% - 2px); width:calc(100% - 2px);\">\n<div style=\"padding:8px;\">\n<div style=\" background:#F8F8F8; line-height:0; margin-top:40px; padding:50% 0; text-align:center; width:100%;\">\n<div style=\" background:url(data:image\/png;base64,iVBORw0KGgoAAAANSUhEUgAAACwAAAAsCAMAAAApWqozAAAAGFBMVEUiIiI9PT0eHh4gIB4hIBkcHBwcHBwcHBydr+JQAAAACHRSTlMABA4YHyQsM5jtaMwAAADfSURBVDjL7ZVBEgMhCAQBAf\/\/42xcNbpAqakcM0ftUmFAAIBE81IqBJdS3lS6zs3bIpB9WED3YYXFPmHRfT8sgyrCP1x8uEUxLMzNWElFOYCV6mHWWwMzdPEKHlhLw7NWJqkHc4uIZphavDzA2JPzUDsBZziNae2S6owH8xPmX8G7zzgKEOPUoYHvGz1TBCxMkd3kwNVbU0gKHkx+iZILf77IofhrY1nYFnB\/lQPb79drWOyJVa\/DAvg9B\/rLB4cC+Nqgdz\/TvBbBnr6GBReqn\/nRmDgaQEej7WhonozjF+Y2I\/fZou\/qAAAAAElFTkSuQmCC); display:block; height:44px; margin:0 auto -44px; position:relative; top:-22px; width:44px;\">\n<\/div>\n<\/div>\n<p style=\" margin:8px 0 0 0; padding:0 4px;\"> <a href=\"https:\/\/instagram.com\/p\/zsqrwmwuzU\/\" style=\" color:#000; font-family:Arial,sans-serif; font-size:14px; font-style:normal; font-weight:normal; line-height:17px; text-decoration:none; word-wrap:break-word;\" target=\"_top\">A glimpse of #sunset seen in a transporter&#39;s back window #Dortmund #Hafen<\/a><\/p>\n<p style=\" color:#c9c8cd; font-family:Arial,sans-serif; font-size:14px; line-height:17px; margin-bottom:0; margin-top:8px; overflow:hidden; padding:8px 0 7px; text-align:center; text-overflow:ellipsis; white-space:nowrap;\">Ein von Sebastian Bremicker (@sebrem77) gepostetes Foto am <time style=\" font-family:Arial,sans-serif; font-size:14px; line-height:17px;\" datetime=\"2015-03-01T20:07:41+00:00\">1. M\u00e4r 2015 um 12:07 Uhr<\/time><\/p>\n<\/div>\n<\/blockquote>\n<p><script async defer src=\"\/\/platform.instagram.com\/en_US\/embeds.js\"><\/script>\n","protected":false},"excerpt":{"rendered":"<p>Some photos from a walk with old and new CouchSurfing friends today \ud83d\ude42 [alpine-phototile-for-picasa-and-google-plus src=&#8221;user_album&#8221; uid=&#8221;114159417905468681891&#8243; ualb=&#8221;6121355300084667089&#8243; imgl=&#8221;fancybox&#8221; style=&#8221;bookshelf&#8221; row=&#8221;3&#8243; size=&#8221;400&#8243; num=&#8221;6&#8243; align=&#8221;center&#8221; max=&#8221;100&#8243;] Click on the photos to zoom, visit Picasa for full-size pics and location data and also if you don&#8217;t see any photos above because you&#8217;re viewing the post on tumblr and the photos are embedded via a WordPress widget. Some photos are also on Instagram: This #cloudscape was a bit more impressive in real life, as it was raining to the left and sunny to the right. But no rainbow in sight \ud83d\ude09 Ein von Sebastian Bremicker (@sebrem77) gepostetes Foto am 1. M\u00e4r 2015 um 12:00 Uhr A #winter #sunset aro the corner, behind a couple of #trees in #Dortmund #Hafen #DO\u00fcberrascht Ein von Sebastian Bremicker (@sebrem77) gepostetes Foto am 1. M\u00e4r 2015 um 12:04 Uhr A glimpse of #sunset seen in a transporter&#39;s back window #Dortmund #Hafen Ein von Sebastian Bremicker (@sebrem77) gepostetes Foto am 1. M\u00e4r 2015 um 12:07 Uhr<\/p>\n","protected":false},"author":1,"featured_media":0,"comment_status":"open","ping_status":"open","sticky":false,"template":"","format":"standard","meta":{"sfsi_plus_gutenberg_text_before_share":"","sfsi_plus_gutenberg_show_text_before_share":"","sfsi_plus_gutenberg_icon_type":"","sfsi_plus_gutenberg_icon_alignemt":"","sfsi_plus_gutenburg_max_per_row":"","footnotes":""},"categories":[39,7,125,36,3],"tags":[218,200,204,247,216,193,162],"class_list":["post-966","post","type-post","status-publish","format-standard","hentry","category-couchsurfing","category-dortmund","category-instagram","category-life","category-picasa","tag-couchsurfing","tag-dortmund","tag-english","tag-instagram","tag-life","tag-photos","tag-stadt-und-landesbibliothek"],"_links":{"self":[{"href":"https:\/\/blog.sebrem.de\/index.php?rest_route=\/wp\/v2\/posts\/966","targetHints":{"allow":["GET"]}}],"collection":[{"href":"https:\/\/blog.sebrem.de\/index.php?rest_route=\/wp\/v2\/posts"}],"about":[{"href":"https:\/\/blog.sebrem.de\/index.php?rest_route=\/wp\/v2\/types\/post"}],"author":[{"embeddable":true,"href":"https:\/\/blog.sebrem.de\/index.php?rest_route=\/wp\/v2\/users\/1"}],"replies":[{"embeddable":true,"href":"https:\/\/blog.sebrem.de\/index.php?rest_route=%2Fwp%2Fv2%2Fcomments&post=966"}],"version-history":[{"count":1,"href":"https:\/\/blog.sebrem.de\/index.php?rest_route=\/wp\/v2\/posts\/966\/revisions"}],"predecessor-version":[{"id":967,"href":"https:\/\/blog.sebrem.de\/index.php?rest_route=\/wp\/v2\/posts\/966\/revisions\/967"}],"wp:attachment":[{"href":"https:\/\/blog.sebrem.de\/index.php?rest_route=%2Fwp%2Fv2%2Fmedia&parent=966"}],"wp:term":[{"taxonomy":"category","embeddable":true,"href":"https:\/\/blog.sebrem.de\/index.php?rest_route=%2Fwp%2Fv2%2Fcategories&post=966"},{"taxonomy":"post_tag","embeddable":true,"href":"https:\/\/blog.sebrem.de\/index.php?rest_route=%2Fwp%2Fv2%2Ftags&post=966"}],"curies":[{"name":"wp","href":"https:\/\/api.w.org\/{rel}","templated":true}]}}